{"id":127,"date":"2016-02-17T13:44:53","date_gmt":"2016-02-17T12:44:53","guid":{"rendered":"http:\/\/www.uecvalltenes.com\/blog\/?p=127"},"modified":"2016-02-17T23:20:16","modified_gmt":"2016-02-17T22:20:16","slug":"remontada-del-tenes-tram-25","status":"publish","type":"post","link":"http:\/\/www.uecvalltenes.com\/blog\/2016\/02\/17\/remontada-del-tenes-tram-25\/","title":{"rendered":"Remuntada del Tenes &#8211; Tram 2\/5"},"content":{"rendered":"<p>2era. Etapa, pel diumenge dia 21 de febrer de 2016:<\/p>\n<p>Del Pinar de la Riera de Lli\u00e7\u00e0 d\u2019Amunt a la Pla\u00e7a de l\u2019Esgl\u00e9sia de Riells del Fai. <\/p>\n<p>Recorregut d\u2019uns 14,54 kms i 436 m de desnivell positiu.<\/p>\n<p><a href=\"http:\/\/www.uecvalltenes.com\/blog\/wp-content\/uploads\/2016\/02\/tram2.jpg\" rel=\"attachment wp-att-128\"><img data-attachment-id=\"128\" data-permalink=\"http:\/\/www.uecvalltenes.com\/blog\/2016\/02\/17\/remontada-del-tenes-tram-25\/tram2\/\" data-orig-file=\"http:\/\/www.uecvalltenes.com\/blog\/wp-content\/uploads\/2016\/02\/tram2.jpg\" data-orig-size=\"1872,2504\" data-comments-opened=\"1\" data-image-meta=\"{&quot;aperture&quot;:&quot;0&quot;,&quot;credit&quot;:&quot;&quot;,&quot;camera&quot;:&quot;&quot;,&quot;caption&quot;:&quot;&quot;,&quot;created_timestamp&quot;:&quot;0&quot;,&quot;copyright&quot;:&quot;&quot;,&quot;focal_length&quot;:&quot;0&quot;,&quot;iso&quot;:&quot;0&quot;,&quot;shutter_speed&quot;:&quot;0&quot;,&quot;title&quot;:&quot;&quot;,&quot;orientation&quot;:&quot;1&quot;}\" data-image-title=\"tram2\" data-image-description=\"\" data-medium-file=\"http:\/\/www.uecvalltenes.com\/blog\/wp-content\/uploads\/2016\/02\/tram2-224x300.jpg\" data-large-file=\"http:\/\/www.uecvalltenes.com\/blog\/wp-content\/uploads\/2016\/02\/tram2-766x1024.jpg\" loading=\"lazy\" src=\"http:\/\/www.uecvalltenes.com\/blog\/wp-content\/uploads\/2016\/02\/tram2-224x300.jpg\" alt=\"tram2\" width=\"224\" height=\"300\" class=\"aligncenter size-medium wp-image-128\" srcset=\"http:\/\/www.uecvalltenes.com\/blog\/wp-content\/uploads\/2016\/02\/tram2-224x300.jpg 224w, http:\/\/www.uecvalltenes.com\/blog\/wp-content\/uploads\/2016\/02\/tram2-768x1027.jpg 768w, http:\/\/www.uecvalltenes.com\/blog\/wp-content\/uploads\/2016\/02\/tram2-766x1024.jpg 766w, http:\/\/www.uecvalltenes.com\/blog\/wp-content\/uploads\/2016\/02\/tram2.jpg 1872w\" sizes=\"(max-width: 224px) 100vw, 224px\" \/><\/a><\/p>\n<h4 style=\"text-align: center;\"><a href=\"http:\/\/www.uecvalltenes.com\/blog\/wp-content\/uploads\/2016\/01\/Remuntada-Tenes-2016-def.pdf\">[icon type=&#8221;fa fa-cloud-download&#8221; color=&#8221;#dd3333&#8243;] Descarrega&#8217;t el fitxer Cartell Remuntada Tenes 2016<\/a><\/h4>\n<p>Ja est\u00e0 a punt,  la 2a. etapa de la Remuntada del riu Tenes 2016,  caminada matinal, tipus travessa, linial, organitzada conjuntament amb entitats excursionistes i associacions de respecte a la flora i fauna, amb la col.laboraci\u00f3 i suport d\u2019Ajuntaments i entitats privades.<\/p>\n<p>Remuntant el riu Tenes, sempre el m\u00e9s a prop possible a la seva llera, alternant  el marge dret i esquerra del riu, aprofitant part del cam\u00ed fluvial del Tenes existent i altres vegades corriols i camins ramaders pr\u00f2xims, veurem i ens aproparem al  patrimoni d\u2019inter\u00e8s (geol\u00f2gic, arquitect\u00f2nic,  hist\u00f2ric, flora, fauna, etc&#8230;) que hi ha al llarg del recorregut.<\/p>\n<p>La 2a etapa, com la 1a, tresca pel pla de la conca del riu Tenes, zona de regadiu, m\u00e9s oberta, i remuntant poc desnivell positiu, encarant cap als Cingles de Bert\u00ed. L\u2019objectiu, arribar a l\u2019enclavament de Riells del Fai, a peu de Cinglera. En aquesta etapa, trobarem espais on ha proliferat la construcci\u00f3 d\u2019urbanitzacions, es concreten espais i pol\u00edgons industrials destinats al sector secundari i terciari, i es visualitzen espais que cal preservar: agr\u00edcoles i  boscosos, necessaris i amb funcions vitals. Aprop, per on tresquem,  l\u2019arquitectura  i patrimoni relacionat amb l\u2019aigua :fonts, pous, basses, recs, rescloses, mines i altres surg\u00e8ncies (l\u2019Avenc\u00f3 i les Barbotes) i l\u2019ind\u00fastria que s\u2019hi ha desenvolupat relacionada amb les necessitats dels propis assentament dels masos, on no hi falten molins, sobretot fariners i altres cops forns per produir material d\u2019obra&#8230;).<br \/>\nLa ruta proposada comen\u00e7a al marge esquerra del riu, al Pinar de la Riera de Lli\u00e7\u00e0 d\u2019Amunt, remuntant el riu, direcci\u00f3 a can Comes, per atravessar el riu, i seguir pel marge dret, passant per la depuradora de Santa Eul\u00e0lia de Ron\u00e7ana, fonamental en el proc\u00e9s de depuraci\u00f3 i sanejament de les aig\u00fces residuals, per retornar-la al riu. Creuarem el riu, fins el parc de can Font, lloc de parada i esmorzar. En aquest tram de Santa Eul\u00e0lia de Ron\u00e7ana, s\u2019ha fet arrenjaments del cam\u00ed Fluvial del Tenes, amb senyalitzaci\u00f3 a cada punt d\u2019inter\u00e8s i que se\u2019ns far\u00e0 f\u00e0cil saber on som en cada moment, i alhora el cam\u00ed fluvial que seguim, \u00e9s intersecci\u00f3 de Petits i Grans Recorreguts (GR i PR-C) degudament senyalitzats, entre d\u2019altres del PR-C32, PR-C10, GR-97 i GR-5 que anirem trobant. Seguint el cam\u00ed fluvial, deixarem el terme de Santa Eul\u00e0lia de Ron\u00e7ana, en el Pont de ca l\u2019Uny\u00f3, i entrerem al terme de Bigues seguint el cam\u00ed de terra del Flix, i a la rotonda ens desviarem a esquerra, per passar pel costat del Forn i mas de can Maspons.<\/p>\n<p>Ens endinsarem per la zona de la Baliarda de Bigues, coneguda tamb\u00e9, per un recorregut, denominat, el passeig del Tenes, on s\u2019ha fet una actuaci\u00f3 fluvial, de recuperaci\u00f3. A trav\u00e9s d\u2019unes  passeres que trobarem, alternarem de marge, passarem a prop de l\u2019Hotel Mol\u00ed de la Torre i cap a can Noguera. La font, i les surg\u00e8ncies de l\u2019Avenc\u00f3 i les Barbotes, seran l\u2019inter\u00e9s, en aquest punt. Seguirem amunt, atravessarem el riu, sota el pont, i seguint el marge esquerra, per corriol, sota el pont, a les proximitats de can Camps, creuarem el riu, passarem   costat del mol\u00ed de can Camps, la bassa, i amunt , passera, i cap el mol\u00ed de Regassol, carretera, i pujada pel carrer cap a la Pla\u00e7a de l\u2019Esgl\u00e9sia de Riells del Fai, lloc final de l\u2019etapa de la jornada.  <\/p>\n<p>Normativa, horaris, inscripci\u00f3, dades t\u00e8cniques,  per la 2a. etapa:<\/p>\n<ul>\n<li>El lloc de trobada, ser\u00e0 al Pinar de la Riera de Lli\u00e7\u00e0 d\u2019Amunt, a 7:45h.<\/li>\n<li>Sortida a les 8:00h. Es preveu  arribar a Riells a les 12:30h. Aprox. A partir d\u2019aquesta hora, hi haur\u00e0 disposici\u00f3 de BUS, a la parada de BUS, davant Rest. Ca l\u2019Oliveras, pels participants que hagin fet la reserva, que els portaran al punt d\u2019inici, Pinar de la Riera, Lli\u00e7\u00e0 d\u2019Amunt.<\/li>\n<li>Cal dur esmorzar, beguda,  roba i cal\u00e7at adequat, per a caminar unes 4 hores.<\/li>\n<li>Cal fer la inscripci\u00f3 anticipada per a cada etapa. En la propaganda hi ha 4 possibilitats de preus d\u2019inscripci\u00f3, Adult i Menor, on s\u2019ofereix per part de l\u2019organitzaci\u00f3 un compte i un e-mail, per sol.licitar amb el preu, el transport de BUS pel caminador que ho vulgui i asseguran\u00e7a d\u2019accidents temporal d\u2019un dia pels caminadors que no en tinguin (obligat\u00f2ria). Els dijous incl\u00f2s, abans  de cada etapa, es tancar\u00e0 el per\u00edode d\u2019inscripci\u00f3. Cal enviar a l\u2019e-mail facilitat, el full d\u2019ingr\u00e9s i les dades seg\u00fcents de cada participant: nom, cognoms i DNI, per tal de facilitar l\u2019Organitzaci\u00f3 de La Remuntada.<\/li>\n<\/ul>\n<p>-L\u2019Organitzaci\u00f3, vol agra\u00efr, un cop m\u00e9s, en aquesta etapa, als propietaris que cedeixen pas per poder fer aquesta ruta, com pel pas en els respectius termes i magn\u00edfica col.laboraci\u00f3,  als Ajuntaments de Lli\u00e7\u00e0 d\u2019Amunt, Santa Eul\u00e0lia de Ron\u00e7ana i Ajuntament de Bigues i Riells del Fai, al Consorci per a la Defensa de la Conca del Bes\u00f2s i els seus t\u00e8cnics, per la tasca que realitzen i l\u2019assessorament  i les seves explicacions que ens realitzen sobre el terreny, i en aquesta etapa, a l\u2019Associaci\u00f3 H\u00e0bitats-Projecte Rius, de la m\u00e0 d\u2019en Xavier Mart\u00ed, soci tamb\u00e9 del GEBRACB, per  l\u2019assessorament i explicaci\u00f3 que realitzar\u00e0 a la zona de la Baliarda i Les Barbotes.<\/p>\n<p>\ufeff<\/p>\n<!-- AddThis Advanced Settings generic via filter on the_content --><!-- AddThis Share Buttons generic via filter on the_content -->","protected":false},"excerpt":{"rendered":"<p>2era. Etapa, pel diumenge dia 21 de febrer de 2016: Del Pinar de la Riera de Lli\u00e7\u00e0 d\u2019Amunt a la Pla\u00e7a de l\u2019Esgl\u00e9sia de Riells<!-- AddThis Advanced Settings generic via filter on get_the_excerpt --><!-- AddThis Share Buttons generic via filter on get_the_excerpt --><\/p>\n","protected":false},"author":1,"featured_media":81,"comment_status":"open","ping_status":"open","sticky":false,"template":"","format":"standard","meta":{"ngg_post_thumbnail":0,"spay_email":"","jetpack_publicize_message":"","jetpack_is_tweetstorm":false},"categories":[3],"tags":[],"jetpack_featured_media_url":"http:\/\/www.uecvalltenes.com\/blog\/wp-content\/uploads\/2016\/01\/fondoTenes1.jpg","jetpack_publicize_connections":[],"jetpack_shortlink":"https:\/\/wp.me\/p76jMO-23","jetpack-related-posts":[{"id":25,"url":"http:\/\/www.uecvalltenes.com\/blog\/2016\/01\/05\/remuntada-del-riu-tenes\/","url_meta":{"origin":127,"position":0},"title":"Remuntada del Riu Tenes","date":"5 gener, 2016","format":false,"excerpt":"\u00a0 \u00a0 -Hola a tothom, Conjuntament, us presentem La Remuntada del riu Tenes, pel 3er diumenge de cada mes, de gener a maig de 2016, en 5 etapes, des de l'aiguabarreig del Tenes amb el Bes\u00f2s fins a una de les seves cap\u00e7aleres, denominada La Collada, terme de Balenya a\u2026","rel":"","context":"In &quot;activitats&quot;","img":{"alt_text":"","src":"https:\/\/i1.wp.com\/www.uecvalltenes.com\/blog\/wp-content\/uploads\/2016\/01\/fondoTenes1.jpg?resize=350%2C200","width":350,"height":200},"classes":[]},{"id":86,"url":"http:\/\/www.uecvalltenes.com\/blog\/2016\/01\/13\/remuntada-del-tenes-tram-1\/","url_meta":{"origin":127,"position":1},"title":"Remuntada del Tenes - Tram 1\/5","date":"13 gener, 2016","format":false,"excerpt":"De l\u2019aiguabarreig del riu Tenes amb el Beso\u0300s, a Mollet del Valle\u0300s, fins el Pinar de la Riera, a Llic\u0327a\u0300 d\u2019Amunt. Recorregut actualitzat : 9\u201927 Kms i 98 metres de desnivell positiu. [icon type=\"fa fa-cloud-download\" color=\"#dd3333\"] Descarrega't el fitxer Cartell Remuntada Tenes 2016 Per la 1a. etapa de la Remuntada\u2026","rel":"","context":"In &quot;activitats&quot;","img":{"alt_text":"","src":"https:\/\/i1.wp.com\/www.uecvalltenes.com\/blog\/wp-content\/uploads\/2016\/01\/fondoTenes1.jpg?resize=350%2C200","width":350,"height":200},"classes":[]},{"id":134,"url":"http:\/\/www.uecvalltenes.com\/blog\/2016\/03\/17\/remuntada-del-tenes-tram-35\/","url_meta":{"origin":127,"position":2},"title":"Remuntada del Tenes - Tram 3\/5 nova data","date":"17 mar\u00e7, 2016","format":false,"excerpt":"3era. Etapa, pel diumenge dia 20 de marc\u0327 de 2016 17 d'Abril de 2016 De la Plac\u0327a de l\u2019Esgle\u0301sia de Riells del Fai a l\u2019aparcament de l\u2019Escola de St. Quirze Safaja. Recorregut d\u2019uns 10 kms i 460 m aprox. de desnivell positiu. [icon type=\"fa fa-cloud-download\" color=\"#dd3333\"] Descarrega't el fitxer Cartell\u2026","rel":"","context":"In &quot;activitats&quot;","img":{"alt_text":"","src":"https:\/\/i1.wp.com\/www.uecvalltenes.com\/blog\/wp-content\/uploads\/2016\/01\/fondoTenes1.jpg?resize=350%2C200","width":350,"height":200},"classes":[]},{"id":149,"url":"http:\/\/www.uecvalltenes.com\/blog\/2016\/05\/08\/remuntada-del-tenes-tram-45\/","url_meta":{"origin":127,"position":3},"title":"Remuntada del Tenes - Tram 4\/5","date":"8 maig, 2016","format":false,"excerpt":"4a. Etapa , pel diumenge dia 15 de maig de 2016: De l\u2019aparcament de l\u2019Escola de St. Quirze Safaja fins a l\u2019Espai de Llar d\u2019infants, Punt d\u2019Informacio\u0301 i Pavello\u0301 de Castellcir. Recorregut de 8,8kms i 400mts de desnivell positiu. Optatiu l\u2019ascens i descens al Castell de Castellcir o de La\u2026","rel":"","context":"In &quot;activitats&quot;","img":{"alt_text":"","src":"https:\/\/i1.wp.com\/www.uecvalltenes.com\/blog\/wp-content\/uploads\/2016\/01\/fondoTenes1.jpg?resize=350%2C200","width":350,"height":200},"classes":[]},{"id":143,"url":"http:\/\/www.uecvalltenes.com\/blog\/2016\/04\/12\/novesdates\/","url_meta":{"origin":127,"position":4},"title":"Remuntada del Tenes (noves dates)","date":"12 abril, 2016","format":false,"excerpt":"-Benvolguts-uses excursionistes, En nom de les entitats organitzadores de la Remuntada, i degut a l'ajornament per pluja de l'etapa 3, del dia 20-03-2016, s'ha decidit traslladar un mes les dates de les etapes, 3, 4 i 5. Per tant, la 3a. etapa, pel dia 17-04-2016, la 4a. etapa pel dia\u2026","rel":"","context":"In &quot;activitats&quot;","img":{"alt_text":"","src":"https:\/\/i1.wp.com\/www.uecvalltenes.com\/blog\/wp-content\/uploads\/2016\/01\/fondoTenes1.jpg?resize=350%2C200","width":350,"height":200},"classes":[]},{"id":155,"url":"http:\/\/www.uecvalltenes.com\/blog\/2016\/06\/10\/remuntada-del-tenes-tram-55\/","url_meta":{"origin":127,"position":5},"title":"Remuntada del Tenes - Tram 5\/5","date":"10 juny, 2016","format":false,"excerpt":"5a.Etapa final i dinar de germanor, pel diumenge dia 19 de juny de 2016: De l\u2019Espai de Llar d\u2019infants, Punt d\u2019Informacio\u0301 i Pavello\u0301 de Castellcir a la Collada, final de la Remuntada, capc\u0327alera me\u0301s septentrional de la conca del riu Tenes, i arribada a Collsuspina, lloc de recollida dels excursionistes.\u2026","rel":"","context":"In &quot;activitats&quot;","img":{"alt_text":"","src":"https:\/\/i1.wp.com\/www.uecvalltenes.com\/blog\/wp-content\/uploads\/2016\/01\/fondoTenes1.jpg?resize=350%2C200","width":350,"height":200},"classes":[]}],"_links":{"self":[{"href":"http:\/\/www.uecvalltenes.com\/blog\/wp-json\/wp\/v2\/posts\/127"}],"collection":[{"href":"http:\/\/www.uecvalltenes.com\/blog\/wp-json\/wp\/v2\/posts"}],"about":[{"href":"http:\/\/www.uecvalltenes.com\/blog\/wp-json\/wp\/v2\/types\/post"}],"author":[{"embeddable":true,"href":"http:\/\/www.uecvalltenes.com\/blog\/wp-json\/wp\/v2\/users\/1"}],"replies":[{"embeddable":true,"href":"http:\/\/www.uecvalltenes.com\/blog\/wp-json\/wp\/v2\/comments?post=127"}],"version-history":[{"count":2,"href":"http:\/\/www.uecvalltenes.com\/blog\/wp-json\/wp\/v2\/posts\/127\/revisions"}],"predecessor-version":[{"id":132,"href":"http:\/\/www.uecvalltenes.com\/blog\/wp-json\/wp\/v2\/posts\/127\/revisions\/132"}],"wp:featuredmedia":[{"embeddable":true,"href":"http:\/\/www.uecvalltenes.com\/blog\/wp-json\/wp\/v2\/media\/81"}],"wp:attachment":[{"href":"http:\/\/www.uecvalltenes.com\/blog\/wp-json\/wp\/v2\/media?parent=127"}],"wp:term":[{"taxonomy":"category","embeddable":true,"href":"http:\/\/www.uecvalltenes.com\/blog\/wp-json\/wp\/v2\/categories?post=127"},{"taxonomy":"post_tag","embeddable":true,"href":"http:\/\/www.uecvalltenes.com\/blog\/wp-json\/wp\/v2\/tags?post=127"}],"curies":[{"name":"wp","href":"https:\/\/api.w.org\/{rel}","templated":true}]}}